{"id":18570,"date":"2021-05-10T17:36:56","date_gmt":"2021-05-10T15:36:56","guid":{"rendered":"https:\/\/planete-urgence.org\/3-questions-a-amandine-hersant-directrice-generale-de-planete-urgence\/"},"modified":"2022-08-18T17:37:31","modified_gmt":"2022-08-18T15:37:31","slug":"3-questions-to-amandine-hersant-executive-director-of-planete-urgence","status":"publish","type":"post","link":"https:\/\/planete-urgence.org\/en\/3-questions-to-amandine-hersant-executive-director-of-planete-urgence\/","title":{"rendered":"3 Questions to Amandine Hersant, Executive Director of Plan\u00e8te Urgence"},"content":{"rendered":"<div id=\"field_62c30be06d5ec\" class=\"container-fluid px-0 flexible_section block_innertemplate\">\n <div id=\"field_62c30be06d5ec_inner\" class=\"container flexible_section_inner\">\n\n   <div class=\"row flexible_section_content\">\n\n<section class=\"content-area container mx-auto\">\n\t\t<div id=\"main\" class=\"site-main\" role=\"main\">\n\n\t\t<div class=\"container\" id=\"singlenews\">\n\t\t\n\t\t\t<div class=\"row d-flex justify-content-center\">\n\t\t\t\n\t\t\t\t<div class=\"col mx-auto\" id=\"actusdetail\">\n\t\t\t\t\t\n\t\t\t\t\t<div class=\"post-content mt-3\">\n\t\t\t\t\t<h4 class=\"small actus_liste_elem_cont_date col-12 px-0\"><i class=\"fas fa-calendar\"><\/i> 10 May 2021 &bull; <a href=\"https:\/\/planete-urgence.org\/en\/news\/\">NEWS<\/a><\/h4>\n\t\t\t\t\t<h1 class=\"text-center my-3\"><span><\/span><b>3 Questions to Amandine Hersant, Executive Director of Plan\u00e8te Urgence<\/b><\/h1>\n\t\t\t\t\t<div class=\"actualites_content\"><div class=\"page\" title=\"Page 1\">\n<div class=\"section\">\n<div class=\"layoutArea\">\n<div class=\"column\">\n<h2><strong>Plan\u00e8te Urgence vient de souffler ses 20 bougies, quel bilan faites-vous des 20 derni\u00e8res ann\u00e9es ?<\/strong><\/h2>\n&nbsp;\n<div class=\"page\" title=\"Page 1\">\n<div class=\"section\">\n<div class=\"layoutArea\">\n<div class=\"column\">\n\nPlan\u00e8te Urgence est n\u00e9e de la conviction &#8211; os\u00e9e \u00e0 l\u2019\u00e9poque \u2013 que le monde de la solidarit\u00e9 et celui de l\u2019entreprise pouvaient s\u2019entraider et les 20 ans qui viennent de s\u2019\u00e9couler lui ont donn\u00e9 raison : nous sommes maintenant tous convaincus que les Objectifs du D\u00e9veloppement Durable ne seront atteints que gr\u00e2ce \u00e0 la collaboration de tous !\n\nL\u2019origine de l\u2019association remonte \u00e0 1992 en pleine guerre du Golfe, sur un terrain d\u2019intervention d\u2019une grande ONG de l\u2019humanitaire, o\u00f9 l\u2019exp\u00e9rience a montr\u00e9 que le partage de comp\u00e9tences sp\u00e9cifiques de salari\u00e9s pouvait \u00eatre un vrai levier de succ\u00e8s pour les actions de solidarit\u00e9. L\u2019association s\u2019est alors cr\u00e9\u00e9e autour du Cong\u00e9 Solidaire\u00ae qui est aujourd\u2019hui encore et plus que jamais un moyen de renforcer des acteurs locaux du d\u00e9veloppement mais aussi une formidable opportunit\u00e9 d\u2019engager les citoyens et entreprises sur les objectifs du d\u00e9veloppement durable.\n\nPuis en 2006, alors que nous travaillions au renforcement de capacit\u00e9s de communaut\u00e9s sur l\u2019\u00eele de Sumatra, en Indon\u00e9sie, nous avons vu les communaut\u00e9s tr\u00e8s fragilis\u00e9es suite au tsunami dont l\u2019impact a \u00e9t\u00e9 aggrav\u00e9 par la disparition des mangroves. Nous avons compris l\u2019urgence d\u2019avoir une r\u00e9ponse int\u00e9gr\u00e9e entre le renforcement des femmes, des hommes et la pr\u00e9servation des espaces naturels.\n\n20 ans apr\u00e8s, nous travaillons avec une centaine de partenaires de 15 pays, nous avons permis \u00e0 plus de 10 000 volontaires de participer \u00e0 notre mission associative et nous accompagnons des collectifs locaux \u00e0 Madagascar, au Cameroun et en Indon\u00e9sie pour renforcer leurs solutions fond\u00e9es sur la for\u00eat en faveur du climat, de la biodiversit\u00e9 et de la r\u00e9silience des territoires.\n<h3><\/h3>\n<h2><strong>Quelles sont les singularit\u00e9s de Plan\u00e8te Urgence ?<\/strong><\/h2>\nAvec le recul de ces 20 ans, je crois que nous avons 3 \u00e9l\u00e9ments qui nous distinguent, au-del\u00e0 des actions classiques des ONG de solidarit\u00e9 internationale et de pr\u00e9servation des for\u00eats :\n<ul style=\"list-style-type: disc;\">\n \t<li>Nous avons une approche pragmatique des probl\u00e9matiques sociales et environnementales et y apportons des r\u00e9ponses extr\u00eamement locales gr\u00e2ce \u00e0 nos \u00e9quipes bas\u00e9es dans 8 pays diff\u00e9rents. Cela nous permet de construire des projets concrets en grande <a href=\"\/soutenir-developpement-communautes\/\">proximit\u00e9 avec les acteurs locaux<\/a> sur des zones particuli\u00e8rement fragiles.<\/li>\n \t<li>Quand on travaille sur des projets de d\u00e9veloppement, on se rend compte de l\u2019importance d\u2019avoir une d\u00e9marche int\u00e9gr\u00e9e et d\u2019approcher une probl\u00e9matique dans toute sa complexit\u00e9. Chez Plan\u00e8te Urgence, on agit \u00e0 trois niveaux : sur la <a href=\"\/agir-foret-biodiversite\/\">pr\u00e9servation des for\u00eats et de la biodiversit\u00e9<\/a> ; sur le d\u00e9veloppement \u00e9conomique local et sur la <a href=\"\/sensibiliser-environnement\/\">sensibilisation \u00e0 l\u2019environnement<\/a> \u2013 notamment en milieu scolaire.<\/li>\n \t<li>Nous travaillons enfin avec des centaines d\u2019entreprises fran\u00e7aises et internationales, et nous leur permettons d\u2019engager concr\u00e8tement leurs salari\u00e9s dans la solidarit\u00e9 internationale, \u00e0 travers le Cong\u00e9 Solidaire\u00ae mais aussi du e-volontariat.<\/li>\n<\/ul>\n&nbsp;\n<h2>Et comment percevez-vous l\u2019ann\u00e9e 2021 qui s\u2019annonce ?<\/h2>\n2021 sera probablement une ann\u00e9e encore difficile dans notre quotidien \u00e0 tous, et particuli\u00e8rement pour les ONG qui devront g\u00e9rer des probl\u00e9matiques sociales, climatiques, environnementales grandissantes avec des moyens incertains. Ce contexte exige de redoubler d\u2019\u00e9nergie pour renforcer les Hommes pour une plan\u00e8te solidaire et durable, et nous le ferons.Je crois aussi que 2021 peut \u00eatre une ann\u00e9e de m\u00e9tamorphose. L\u2019an pass\u00e9, nous avons fait \u00e9voluer de fa\u00e7on abrupte nos fa\u00e7ons d\u2019\u00eatre, nous l\u2019avons vu via une consommation plus sobre, des \u00e9lections politiques favorables \u00e0 l\u2019\u00e9cologie et au vivre ensemble&#8230;\n\nEn 2021, je pense que nous allons toucher \u00e0 l\u2019\u00eatre et cela peut r\u00e9ellement amener une profonde transformation de notre soci\u00e9t\u00e9. En tout cas je le souhaite !\n\n<\/div>\n<\/div>\n<\/div>\n<\/div>\n<\/div>\n<\/div>\n<\/div>\n<\/div><\/div>\n\t\t\t\t\t\n\t\t\t\t<\/div>\n\n\t\t\t<\/div>\n\t\t\t\n\t\t\t<div id=\"home_actus_outer\" class=\"container pw-5 pt-5 mt-5\">\n\n\t\t\t\t<div id=\"home_actus\" class=\"row d-flex justify-content-center\">\n\t\t\t\n\t\t\t\t\t<h3 class=\"text-center pb-5\">VOUS AIMEREZ AUSSI&#8230;<\/h3>\n\t\t\t\n\t\t\t\t\t\t<div id=\"\" class=\"row d-flex justify-content-start\"><div class=\"col-12 col-sm-4\"><div class=\"actu_grid_element\"><a href=\"https:\/\/planete-urgence.org\/en\/a-major-study-to-identify-priority-forest-areas-for-restoration-in-benin-madagascar-indonesia-and-ecuador\/\"><img decoding=\"async\" src=\"https:\/\/planete-urgence.org\/wp-content\/uploads\/2024\/04\/Design-sans-titre-63-aspect-ratio-4-3.png\" alt=\"A major study to identify priority forest areas for restoration in Benin, Madagascar, Indonesia and Ecuador\"><\/a><h3>A major study to identify priority forest areas for restoration in Benin, Madagascar, Indonesia and Ecuador<\/h3>We all have little time and limited resources to restore, repair and protect living things, and forests in particular. This means that we need to select priority areas for intervention,&hellip;<p class=\"actu_grid_element_more\"><a href=\"https:\/\/planete-urgence.org\/en\/a-major-study-to-identify-priority-forest-areas-for-restoration-in-benin-madagascar-indonesia-and-ecuador\/\">Read more<\/a><\/p><\/div><\/div><div class=\"col-12 col-sm-4\"><div class=\"actu_grid_element\"><a href=\"https:\/\/planete-urgence.org\/en\/earth-overshoot-day-2021\/\"><img decoding=\"async\" src=\"https:\/\/planete-urgence.org\/wp-content\/uploads\/2023\/08\/MADA-09-2022-420.jpeg\" alt=\"Earth Overshoot Day 2021\"><\/a><h3>Earth Overshoot Day 2021<\/h3>Cette ann\u00e9e, le triste jour du d\u00e9passement global tombe (d\u00e9j\u00e0) le 29 juillet. A partir de cette date, l&#8217;humanit\u00e9 aura d\u00e9pens\u00e9 toutes les ressources que la Terre peut r\u00e9g\u00e9n\u00e9rer en&hellip;<p class=\"actu_grid_element_more\"><a href=\"https:\/\/planete-urgence.org\/en\/earth-overshoot-day-2021\/\">Read more<\/a><\/p><\/div><\/div><div class=\"col-12 col-sm-4\"><div class=\"actu_grid_element\"><a href=\"https:\/\/planete-urgence.org\/en\/the-ocean-an-ecosystem-very-similar-to-forests\/\"><img decoding=\"async\" src=\"https:\/\/planete-urgence.org\/wp-content\/uploads\/2022\/05\/pexels-ragga-muffin-10218402-scaled-aspect-ratio-4-3-scaled-1.jpg\" alt=\"The Ocean: an ecosystem very similar to forests\"><\/a><h3>The Ocean: an ecosystem very similar to forests<\/h3>Are you more attracted to the forest or the sea?\u00a0 This question invites us to separate these two worlds, but are these ecosystems really so different? This is the question&hellip;<p class=\"actu_grid_element_more\"><a href=\"https:\/\/planete-urgence.org\/en\/the-ocean-an-ecosystem-very-similar-to-forests\/\">Read more<\/a><\/p><\/div><\/div><\/div>\n\t\t\t\t\n\t\t\t<\/div>\n\t\t\t\n\t\t\t\n\t\t\t\n\t\t<\/div>\n\n\t\t<\/div>\n\n\t<\/div> \n\t<\/section>  <\/div>\n\n <\/div>\n<\/div>\n","protected":false},"excerpt":{"rendered":"","protected":false},"author":7,"featured_media":18571,"comment_status":"open","ping_status":"open","sticky":false,"template":"","format":"standard","meta":{"_acf_changed":false,"inline_featured_image":false,"footnotes":""},"categories":[115],"tags":[155,156,157,147],"class_list":["post-18570","post","type-post","status-publish","format-standard","has-post-thumbnail","hentry","category-news","tag-developpement-en","tag-directrice-generale-en","tag-environnement-en","tag-planete-urgence-en"],"acf":[],"yoast_head":"<!-- This site is optimized with the Yoast SEO plugin v27.5 - https:\/\/yoast.com\/product\/yoast-seo-wordpress\/ -->\n<title>3 questions \u00e0 Amandine Hersant : Directrice G\u00e9n\u00e9rale - Plan\u00e8te Urgence<\/title>\n<meta name=\"description\" content=\"La Directrice G\u00e9n\u00e9rale de Plan\u00e8te Urgence \u00e9tablit le bilan 2020 de l&#039;association, ayant f\u00eat\u00e9 ses 20 ans d\u00e9j\u00e0, et partage ses ambitions pour 2021.\" \/>\n<meta name=\"robots\" content=\"index, follow, max-snippet:-1, max-image-preview:large, max-video-preview:-1\" \/>\n<link rel=\"canonical\" href=\"https:\/\/planete-urgence.org\/en\/3-questions-to-amandine-hersant-executive-director-of-planete-urgence\/\" \/>\n<meta property=\"og:locale\" content=\"en_US\" \/>\n<meta property=\"og:type\" content=\"article\" \/>\n<meta property=\"og:title\" content=\"3 questions \u00e0 Amandine Hersant : Directrice G\u00e9n\u00e9rale - Plan\u00e8te Urgence\" \/>\n<meta property=\"og:description\" content=\"La Directrice G\u00e9n\u00e9rale de Plan\u00e8te Urgence \u00e9tablit le bilan 2020 de l&#039;association, ayant f\u00eat\u00e9 ses 20 ans d\u00e9j\u00e0, et partage ses ambitions pour 2021.\" \/>\n<meta property=\"og:url\" content=\"https:\/\/planete-urgence.org\/en\/3-questions-to-amandine-hersant-executive-director-of-planete-urgence\/\" \/>\n<meta property=\"og:site_name\" content=\"Plan\u00e8te Urgence\" \/>\n<meta property=\"article:publisher\" content=\"https:\/\/www.facebook.com\/planete.urgence\/\" \/>\n<meta property=\"article:published_time\" content=\"2021-05-10T15:36:56+00:00\" \/>\n<meta property=\"article:modified_time\" content=\"2022-08-18T15:37:31+00:00\" \/>\n<meta name=\"author\" content=\"L\u00e9a Cousin\" \/>\n<meta name=\"twitter:card\" content=\"summary_large_image\" \/>\n<meta name=\"twitter:creator\" content=\"@PlaneteUrgence\" \/>\n<meta name=\"twitter:site\" content=\"@PlaneteUrgence\" \/>\n<meta name=\"twitter:label1\" content=\"Written by\" \/>\n\t<meta name=\"twitter:data1\" content=\"L\u00e9a Cousin\" \/>\n<script type=\"application\/ld+json\" class=\"yoast-schema-graph\">{\"@context\":\"https:\\\/\\\/schema.org\",\"@graph\":[{\"@type\":\"Article\",\"@id\":\"https:\\\/\\\/planete-urgence.org\\\/en\\\/3-questions-to-amandine-hersant-executive-director-of-planete-urgence\\\/#article\",\"isPartOf\":{\"@id\":\"https:\\\/\\\/planete-urgence.org\\\/en\\\/3-questions-to-amandine-hersant-executive-director-of-planete-urgence\\\/\"},\"author\":{\"name\":\"L\u00e9a Cousin\",\"@id\":\"https:\\\/\\\/planete-urgence.org\\\/en\\\/#\\\/schema\\\/person\\\/ead4447180e98b77158623de8aaf0a06\"},\"headline\":\"3 Questions to Amandine Hersant, Executive Director of Plan\u00e8te Urgence\",\"datePublished\":\"2021-05-10T15:36:56+00:00\",\"dateModified\":\"2022-08-18T15:37:31+00:00\",\"mainEntityOfPage\":{\"@id\":\"https:\\\/\\\/planete-urgence.org\\\/en\\\/3-questions-to-amandine-hersant-executive-director-of-planete-urgence\\\/\"},\"wordCount\":10,\"commentCount\":0,\"publisher\":{\"@id\":\"https:\\\/\\\/planete-urgence.org\\\/en\\\/#organization\"},\"image\":{\"@id\":\"https:\\\/\\\/planete-urgence.org\\\/en\\\/3-questions-to-amandine-hersant-executive-director-of-planete-urgence\\\/#primaryimage\"},\"thumbnailUrl\":\"\",\"keywords\":[\"d\u00e9veloppement\",\"Directrice G\u00e9n\u00e9rale\",\"environnement\",\"Plan\u00e8te Urgence\"],\"articleSection\":[\"News\"],\"inLanguage\":\"en-US\",\"potentialAction\":[{\"@type\":\"CommentAction\",\"name\":\"Comment\",\"target\":[\"https:\\\/\\\/planete-urgence.org\\\/en\\\/3-questions-to-amandine-hersant-executive-director-of-planete-urgence\\\/#respond\"]}]},{\"@type\":\"WebPage\",\"@id\":\"https:\\\/\\\/planete-urgence.org\\\/en\\\/3-questions-to-amandine-hersant-executive-director-of-planete-urgence\\\/\",\"url\":\"https:\\\/\\\/planete-urgence.org\\\/en\\\/3-questions-to-amandine-hersant-executive-director-of-planete-urgence\\\/\",\"name\":\"3 questions \u00e0 Amandine Hersant : Directrice G\u00e9n\u00e9rale - Plan\u00e8te Urgence\",\"isPartOf\":{\"@id\":\"https:\\\/\\\/planete-urgence.org\\\/en\\\/#website\"},\"primaryImageOfPage\":{\"@id\":\"https:\\\/\\\/planete-urgence.org\\\/en\\\/3-questions-to-amandine-hersant-executive-director-of-planete-urgence\\\/#primaryimage\"},\"image\":{\"@id\":\"https:\\\/\\\/planete-urgence.org\\\/en\\\/3-questions-to-amandine-hersant-executive-director-of-planete-urgence\\\/#primaryimage\"},\"thumbnailUrl\":\"\",\"datePublished\":\"2021-05-10T15:36:56+00:00\",\"dateModified\":\"2022-08-18T15:37:31+00:00\",\"description\":\"La Directrice G\u00e9n\u00e9rale de Plan\u00e8te Urgence \u00e9tablit le bilan 2020 de l'association, ayant f\u00eat\u00e9 ses 20 ans d\u00e9j\u00e0, et partage ses ambitions pour 2021.\",\"breadcrumb\":{\"@id\":\"https:\\\/\\\/planete-urgence.org\\\/en\\\/3-questions-to-amandine-hersant-executive-director-of-planete-urgence\\\/#breadcrumb\"},\"inLanguage\":\"en-US\",\"potentialAction\":[{\"@type\":\"ReadAction\",\"target\":[\"https:\\\/\\\/planete-urgence.org\\\/en\\\/3-questions-to-amandine-hersant-executive-director-of-planete-urgence\\\/\"]}]},{\"@type\":\"ImageObject\",\"inLanguage\":\"en-US\",\"@id\":\"https:\\\/\\\/planete-urgence.org\\\/en\\\/3-questions-to-amandine-hersant-executive-director-of-planete-urgence\\\/#primaryimage\",\"url\":\"\",\"contentUrl\":\"\"},{\"@type\":\"BreadcrumbList\",\"@id\":\"https:\\\/\\\/planete-urgence.org\\\/en\\\/3-questions-to-amandine-hersant-executive-director-of-planete-urgence\\\/#breadcrumb\",\"itemListElement\":[{\"@type\":\"ListItem\",\"position\":1,\"name\":\"Accueil\",\"item\":\"https:\\\/\\\/planete-urgence.org\\\/en\\\/\"},{\"@type\":\"ListItem\",\"position\":2,\"name\":\"3 Questions to Amandine Hersant, Executive Director of Plan\u00e8te Urgence\"}]},{\"@type\":\"WebSite\",\"@id\":\"https:\\\/\\\/planete-urgence.org\\\/en\\\/#website\",\"url\":\"https:\\\/\\\/planete-urgence.org\\\/en\\\/\",\"name\":\"Plan\u00e8te Urgence\",\"description\":\"Volontariat &amp; d\u00e9veloppement\",\"publisher\":{\"@id\":\"https:\\\/\\\/planete-urgence.org\\\/en\\\/#organization\"},\"potentialAction\":[{\"@type\":\"SearchAction\",\"target\":{\"@type\":\"EntryPoint\",\"urlTemplate\":\"https:\\\/\\\/planete-urgence.org\\\/en\\\/?s={search_term_string}\"},\"query-input\":{\"@type\":\"PropertyValueSpecification\",\"valueRequired\":true,\"valueName\":\"search_term_string\"}}],\"inLanguage\":\"en-US\"},{\"@type\":\"Organization\",\"@id\":\"https:\\\/\\\/planete-urgence.org\\\/en\\\/#organization\",\"name\":\"Plan\u00e8te Urgence\",\"url\":\"https:\\\/\\\/planete-urgence.org\\\/en\\\/\",\"logo\":{\"@type\":\"ImageObject\",\"inLanguage\":\"en-US\",\"@id\":\"https:\\\/\\\/planete-urgence.org\\\/en\\\/#\\\/schema\\\/logo\\\/image\\\/\",\"url\":\"https:\\\/\\\/planete-urgence.org\\\/wp-content\\\/uploads\\\/2021\\\/03\\\/logo-pu.png\",\"contentUrl\":\"https:\\\/\\\/planete-urgence.org\\\/wp-content\\\/uploads\\\/2021\\\/03\\\/logo-pu.png\",\"width\":187,\"height\":120,\"caption\":\"Plan\u00e8te Urgence\"},\"image\":{\"@id\":\"https:\\\/\\\/planete-urgence.org\\\/en\\\/#\\\/schema\\\/logo\\\/image\\\/\"},\"sameAs\":[\"https:\\\/\\\/www.facebook.com\\\/planete.urgence\\\/\",\"https:\\\/\\\/x.com\\\/PlaneteUrgence\"]},{\"@type\":\"Person\",\"@id\":\"https:\\\/\\\/planete-urgence.org\\\/en\\\/#\\\/schema\\\/person\\\/ead4447180e98b77158623de8aaf0a06\",\"name\":\"L\u00e9a Cousin\"}]}<\/script>\n<!-- \/ Yoast SEO plugin. -->","yoast_head_json":{"title":"3 questions \u00e0 Amandine Hersant : Directrice G\u00e9n\u00e9rale - Plan\u00e8te Urgence","description":"La Directrice G\u00e9n\u00e9rale de Plan\u00e8te Urgence \u00e9tablit le bilan 2020 de l'association, ayant f\u00eat\u00e9 ses 20 ans d\u00e9j\u00e0, et partage ses ambitions pour 2021.","robots":{"index":"index","follow":"follow","max-snippet":"max-snippet:-1","max-image-preview":"max-image-preview:large","max-video-preview":"max-video-preview:-1"},"canonical":"https:\/\/planete-urgence.org\/en\/3-questions-to-amandine-hersant-executive-director-of-planete-urgence\/","og_locale":"en_US","og_type":"article","og_title":"3 questions \u00e0 Amandine Hersant : Directrice G\u00e9n\u00e9rale - Plan\u00e8te Urgence","og_description":"La Directrice G\u00e9n\u00e9rale de Plan\u00e8te Urgence \u00e9tablit le bilan 2020 de l'association, ayant f\u00eat\u00e9 ses 20 ans d\u00e9j\u00e0, et partage ses ambitions pour 2021.","og_url":"https:\/\/planete-urgence.org\/en\/3-questions-to-amandine-hersant-executive-director-of-planete-urgence\/","og_site_name":"Plan\u00e8te Urgence","article_publisher":"https:\/\/www.facebook.com\/planete.urgence\/","article_published_time":"2021-05-10T15:36:56+00:00","article_modified_time":"2022-08-18T15:37:31+00:00","author":"L\u00e9a Cousin","twitter_card":"summary_large_image","twitter_creator":"@PlaneteUrgence","twitter_site":"@PlaneteUrgence","twitter_misc":{"Written by":"L\u00e9a Cousin"},"schema":{"@context":"https:\/\/schema.org","@graph":[{"@type":"Article","@id":"https:\/\/planete-urgence.org\/en\/3-questions-to-amandine-hersant-executive-director-of-planete-urgence\/#article","isPartOf":{"@id":"https:\/\/planete-urgence.org\/en\/3-questions-to-amandine-hersant-executive-director-of-planete-urgence\/"},"author":{"name":"L\u00e9a Cousin","@id":"https:\/\/planete-urgence.org\/en\/#\/schema\/person\/ead4447180e98b77158623de8aaf0a06"},"headline":"3 Questions to Amandine Hersant, Executive Director of Plan\u00e8te Urgence","datePublished":"2021-05-10T15:36:56+00:00","dateModified":"2022-08-18T15:37:31+00:00","mainEntityOfPage":{"@id":"https:\/\/planete-urgence.org\/en\/3-questions-to-amandine-hersant-executive-director-of-planete-urgence\/"},"wordCount":10,"commentCount":0,"publisher":{"@id":"https:\/\/planete-urgence.org\/en\/#organization"},"image":{"@id":"https:\/\/planete-urgence.org\/en\/3-questions-to-amandine-hersant-executive-director-of-planete-urgence\/#primaryimage"},"thumbnailUrl":"","keywords":["d\u00e9veloppement","Directrice G\u00e9n\u00e9rale","environnement","Plan\u00e8te Urgence"],"articleSection":["News"],"inLanguage":"en-US","potentialAction":[{"@type":"CommentAction","name":"Comment","target":["https:\/\/planete-urgence.org\/en\/3-questions-to-amandine-hersant-executive-director-of-planete-urgence\/#respond"]}]},{"@type":"WebPage","@id":"https:\/\/planete-urgence.org\/en\/3-questions-to-amandine-hersant-executive-director-of-planete-urgence\/","url":"https:\/\/planete-urgence.org\/en\/3-questions-to-amandine-hersant-executive-director-of-planete-urgence\/","name":"3 questions \u00e0 Amandine Hersant : Directrice G\u00e9n\u00e9rale - Plan\u00e8te Urgence","isPartOf":{"@id":"https:\/\/planete-urgence.org\/en\/#website"},"primaryImageOfPage":{"@id":"https:\/\/planete-urgence.org\/en\/3-questions-to-amandine-hersant-executive-director-of-planete-urgence\/#primaryimage"},"image":{"@id":"https:\/\/planete-urgence.org\/en\/3-questions-to-amandine-hersant-executive-director-of-planete-urgence\/#primaryimage"},"thumbnailUrl":"","datePublished":"2021-05-10T15:36:56+00:00","dateModified":"2022-08-18T15:37:31+00:00","description":"La Directrice G\u00e9n\u00e9rale de Plan\u00e8te Urgence \u00e9tablit le bilan 2020 de l'association, ayant f\u00eat\u00e9 ses 20 ans d\u00e9j\u00e0, et partage ses ambitions pour 2021.","breadcrumb":{"@id":"https:\/\/planete-urgence.org\/en\/3-questions-to-amandine-hersant-executive-director-of-planete-urgence\/#breadcrumb"},"inLanguage":"en-US","potentialAction":[{"@type":"ReadAction","target":["https:\/\/planete-urgence.org\/en\/3-questions-to-amandine-hersant-executive-director-of-planete-urgence\/"]}]},{"@type":"ImageObject","inLanguage":"en-US","@id":"https:\/\/planete-urgence.org\/en\/3-questions-to-amandine-hersant-executive-director-of-planete-urgence\/#primaryimage","url":"","contentUrl":""},{"@type":"BreadcrumbList","@id":"https:\/\/planete-urgence.org\/en\/3-questions-to-amandine-hersant-executive-director-of-planete-urgence\/#breadcrumb","itemListElement":[{"@type":"ListItem","position":1,"name":"Accueil","item":"https:\/\/planete-urgence.org\/en\/"},{"@type":"ListItem","position":2,"name":"3 Questions to Amandine Hersant, Executive Director of Plan\u00e8te Urgence"}]},{"@type":"WebSite","@id":"https:\/\/planete-urgence.org\/en\/#website","url":"https:\/\/planete-urgence.org\/en\/","name":"Plan\u00e8te Urgence","description":"Volontariat &amp; d\u00e9veloppement","publisher":{"@id":"https:\/\/planete-urgence.org\/en\/#organization"},"potentialAction":[{"@type":"SearchAction","target":{"@type":"EntryPoint","urlTemplate":"https:\/\/planete-urgence.org\/en\/?s={search_term_string}"},"query-input":{"@type":"PropertyValueSpecification","valueRequired":true,"valueName":"search_term_string"}}],"inLanguage":"en-US"},{"@type":"Organization","@id":"https:\/\/planete-urgence.org\/en\/#organization","name":"Plan\u00e8te Urgence","url":"https:\/\/planete-urgence.org\/en\/","logo":{"@type":"ImageObject","inLanguage":"en-US","@id":"https:\/\/planete-urgence.org\/en\/#\/schema\/logo\/image\/","url":"https:\/\/planete-urgence.org\/wp-content\/uploads\/2021\/03\/logo-pu.png","contentUrl":"https:\/\/planete-urgence.org\/wp-content\/uploads\/2021\/03\/logo-pu.png","width":187,"height":120,"caption":"Plan\u00e8te Urgence"},"image":{"@id":"https:\/\/planete-urgence.org\/en\/#\/schema\/logo\/image\/"},"sameAs":["https:\/\/www.facebook.com\/planete.urgence\/","https:\/\/x.com\/PlaneteUrgence"]},{"@type":"Person","@id":"https:\/\/planete-urgence.org\/en\/#\/schema\/person\/ead4447180e98b77158623de8aaf0a06","name":"L\u00e9a Cousin"}]}},"_links":{"self":[{"href":"https:\/\/planete-urgence.org\/en\/wp-json\/wp\/v2\/posts\/18570","targetHints":{"allow":["GET"]}}],"collection":[{"href":"https:\/\/planete-urgence.org\/en\/wp-json\/wp\/v2\/posts"}],"about":[{"href":"https:\/\/planete-urgence.org\/en\/wp-json\/wp\/v2\/types\/post"}],"author":[{"embeddable":true,"href":"https:\/\/planete-urgence.org\/en\/wp-json\/wp\/v2\/users\/7"}],"replies":[{"embeddable":true,"href":"https:\/\/planete-urgence.org\/en\/wp-json\/wp\/v2\/comments?post=18570"}],"version-history":[{"count":2,"href":"https:\/\/planete-urgence.org\/en\/wp-json\/wp\/v2\/posts\/18570\/revisions"}],"predecessor-version":[{"id":18573,"href":"https:\/\/planete-urgence.org\/en\/wp-json\/wp\/v2\/posts\/18570\/revisions\/18573"}],"wp:featuredmedia":[{"embeddable":true,"href":"https:\/\/planete-urgence.org\/en\/wp-json\/"}],"wp:attachment":[{"href":"https:\/\/planete-urgence.org\/en\/wp-json\/wp\/v2\/media?parent=18570"}],"wp:term":[{"taxonomy":"category","embeddable":true,"href":"https:\/\/planete-urgence.org\/en\/wp-json\/wp\/v2\/categories?post=18570"},{"taxonomy":"post_tag","embeddable":true,"href":"https:\/\/planete-urgence.org\/en\/wp-json\/wp\/v2\/tags?post=18570"}],"curies":[{"name":"wp","href":"https:\/\/api.w.org\/{rel}","templated":true}]}}